{"id":13400,"date":"2023-09-27T19:16:37","date_gmt":"2023-09-27T19:16:37","guid":{"rendered":"https:\/\/test.isla-web.es\/?p=13400"},"modified":"2023-10-04T08:46:19","modified_gmt":"2023-10-04T08:46:19","slug":"isla-el-comienzo","status":"publish","type":"post","link":"https:\/\/test.isla-web.es\/en\/isla-el-comienzo","title":{"rendered":"ISLA, el comienzo"},"content":{"rendered":"<p>ISLA lleva tiempo en nuestras mentes, rondando nuestros pensamientos, conviviendo con nosotras d\u00eda a d\u00eda. Quiz\u00e1s desde hace m\u00e1s de lo que somos capaces de recordar.<\/p>\n<p>Por fin, ha llegado El Comienzo.<\/p>\n<p>El proyecto, adem\u00e1s de aunar dos de los pilares m\u00e1s importantes sobre los que sustentamos nuestro trabajo como son el arte y la sostenibilidad, engloba la percepci\u00f3n, en ocasiones id\u00edlica pero no imposible de alcanzar, que tenemos sobre la vida, las artes visuales, el medio que nos rodea. Al fin y al cabo, se trata de buscar equilibrio, de sanar, recuperar, investigar, proponer, y enriquecer a trav\u00e9s de pr\u00e1cticas art\u00edsticas sensibles al medioambiente. ISLA surge como plataforma receptora y emisora de pensamientos, objetivos, puntos de vista, ideas transformadoras e inquietudes globales.<\/p>\n<blockquote><p>Al fin y al cabo, se trata de buscar equilibrio, de sanar, recuperar, investigar, proponer, y enriquecer a trav\u00e9s de pr\u00e1cticas art\u00edsticas sensibles al medioambiente.<\/p><\/blockquote>\n<p>Compartimos espacio de pensamiento y reflexi\u00f3n con una serie de artistas que llevan muchos a\u00f1os desarrollando formalmente distintas problem\u00e1ticas: Luna Bengoechea, B\u00e1rbara Flux\u00e1, Agust\u00edn Ibarrola, Mercedes Lara, Elena Lavell\u00e9s, Lecuona y Hern\u00e1ndez, Luc\u00eda Loren, Menhir, Miguel Sbastida, Toshiro Yamaguchi y Juan Zamora.<\/p>\n<p>El comienzo ya es una realidad, que esperamos disfrut\u00e9is a partir de hoy.<\/p>\n<h2>Obras en el espacio<\/h2>\n<p>Las intervenciones de ISLA hablan de buscar nuevos modos de reconectar con la naturaleza y el territorio, de reflexionar sobre el tejido que sostiene la vida, desplazando la mirada antropoc\u00e9ntrica en busca de f\u00f3rmulas nuevas de cohabitar el planeta. Como las mariposas de Toshiro Yamaguchi que ba\u00f1an el terreno para hablar de los ciclos de interdependencia; los bebederos creados por Juan Zamora a partir de c\u00e1scaras de sand\u00eda para la fauna que habita el territorio; la estaci\u00f3n cient\u00edfica de B\u00e1rbara Flux\u00e1 que retransmite a una web en vivo el \u201csentir\u201d de una encina mediante una c\u00e1mara termogr\u00e1fica y sensores; o la alfombra de semillas tradicionalmente cultivadas en nuestro territorio de Luna Bengoechea Pe\u00f1a con las que genera la imagen de un \u00e1guila imperial, especie protegida de la zona.<\/p>\n<p>Menhir (Iv\u00e1n Cebri\u00e1n y Coco Moya) nos sumergen en una experiencia de m\u00fasica caminada que dialoga con los m\u00e1rgenes de la astrof\u00edsica y las referencias a las culturas ancestrales, un car\u00e1cter tot\u00e9mico que comparten con las traviesas de ferrocarril intervenidas por Agust\u00edn Ibarrola.<\/p>\n<p>Los m\u00e1rmoles de la regi\u00f3n de Lecuona y Hern\u00e1ndez cuelgan de los \u00e1rboles para sugerir la desarticulaci\u00f3n de las narrativas dominantes, mientras las catas de Elena Lavell\u00e9s basadas en sus investigaciones de dendrolog\u00eda, analizan los cambios ambientales del territorio registrados en los anillos de sus troncos. Tambi\u00e9n en los \u00e1rboles se despliegan los hilos de algod\u00f3n de Mercedes Lara para conectar con la recuperaci\u00f3n del trabajo manual y repensar el espacio, el tiempo y la luz del territorio.<\/p>\n<p>Las estructuras tejidas en mimbre de Luc\u00eda Loren reutilizadas de una obra anterior semejan formas org\u00e1nicas similares a los hongos, un eslab\u00f3n fundamental en la configuraci\u00f3n de la vida. Al igual que lo es la sal, componente esencial de nuestros organismos y de la instalaci\u00f3n de Miguel Sbastida creada a partir de halitas, que nos conectan con el tiempo profundo.<\/p>\n<p>Todas ellas proponen una mirada ecoc\u00e9ntrica que habla de regeneraci\u00f3n, de simbiosis, de despertar nuevas formas de imaginaci\u00f3n ecopol\u00edtica para experimentar con otros modos de coexistencia y, en definitiva, de ser y estar en el mundo.<\/p>\n<p>&nbsp;<\/p>\n<div id=\"attachment_13455\" style=\"width: 1921px\" class=\"wp-caption alignnone\"><img fetchpriority=\"high\" decoding=\"async\" aria-describedby=\"caption-attachment-13455\" class=\"wp-image-13455 size-full\" src=\"https:\/\/test.isla-web.es\/wp-content\/uploads\/2023\/09\/1_ibarrola_Traviesas_1980s-scaled-e1695866252680.jpg\" alt=\"\" width=\"1911\" height=\"2077\" srcset=\"https:\/\/test.isla-web.es\/wp-content\/uploads\/2023\/09\/1_ibarrola_Traviesas_1980s-scaled-e1695866252680.jpg 1911w, https:\/\/test.isla-web.es\/wp-content\/uploads\/2023\/09\/1_ibarrola_Traviesas_1980s-scaled-e1695866252680-276x300.jpg 276w, https:\/\/test.isla-web.es\/wp-content\/uploads\/2023\/09\/1_ibarrola_Traviesas_1980s-scaled-e1695866252680-942x1024.jpg 942w, https:\/\/test.isla-web.es\/wp-content\/uploads\/2023\/09\/1_ibarrola_Traviesas_1980s-scaled-e1695866252680-768x835.jpg 768w, https:\/\/test.isla-web.es\/wp-content\/uploads\/2023\/09\/1_ibarrola_Traviesas_1980s-scaled-e1695866252680-1413x1536.jpg 1413w, https:\/\/test.isla-web.es\/wp-content\/uploads\/2023\/09\/1_ibarrola_Traviesas_1980s-scaled-e1695866252680-1884x2048.jpg 1884w\" sizes=\"(max-width: 1911px) 100vw, 1911px\" \/><p id=\"caption-attachment-13455\" class=\"wp-caption-text\"><em>Traviesas<\/em>. A\u00f1os 1980. Traviesas de ferrocarril intervenidas.<\/p><\/div>\n<h2>1. AGUST\u00cdN IBARROLA<\/h2>\n<p style=\"font-weight: 400;\">La expansi\u00f3n de las investigaciones pl\u00e1sticas que Ibarrola hab\u00eda desarrollado con el Equipo 57, le llev\u00f3 a la configuraci\u00f3n de un lenguaje propio pintando bosques, \u00e1rboles, rocas y otros elementos naturales donde continuaba su exploraci\u00f3n de la forma, el color y la l\u00ednea, a partir de la conexi\u00f3n f\u00edsica y emocional con el contexto. Para el artista \u201cen un paisaje intervienen desde la historia hasta las creencias culturales o mitol\u00f3gicas\u201d y, al incorporar la pintura \u201cla naturaleza adquiere otras atm\u00f3sferas y el paisaje se transforma\u201d.<\/p>\n<p style=\"font-weight: 400;\">En ISLA se muestra un conjunto de <em>Traviesas<\/em> en l\u00ednea con las diferentes series que el artista realiz\u00f3 desde los a\u00f1os ochenta, tanto en interiores como en exteriores. En ellas, el hierro del paisaje industrial que marc\u00f3 su infancia se combina con la organicidad de la madera, donde la pintura y la escultura se fusionan en el propio entorno natural, que el artista incorporaba como una parte m\u00e1s de su lenguaje art\u00edstico.<\/p>\n<p><span style=\"font-weight: 400;\">El car\u00e1cter tot\u00e9mico es otra de las caracter\u00edsticas que se fue repitiendo a lo largo de las obras del artista, al que aqu\u00ed se une la inspiraci\u00f3n en las pinturas paleol\u00edticas de las <\/span><span style=\"font-weight: 400;\">cuevas de Santimami\u00f1e, en el Valle de Oma donde viv\u00eda, as\u00ed como la incorporaci\u00f3n referencias de <\/span><span style=\"font-weight: 400;\">otras culturas ancestrales como los d\u00f3lmenes o las construcciones celticas y las alusiones a lo vern\u00e1culo.<\/span><\/p>\n<p>&nbsp;<\/p>\n<div id=\"attachment_13854\" style=\"width: 778px\" class=\"wp-caption alignnone\"><img decoding=\"async\" aria-describedby=\"caption-attachment-13854\" class=\"wp-image-13854 size-full\" src=\"https:\/\/test.isla-web.es\/wp-content\/uploads\/2023\/09\/ae74c566-845e-4c05-8e78-14011246ebdd.jpg\" alt=\"\" width=\"768\" height=\"654\" srcset=\"https:\/\/test.isla-web.es\/wp-content\/uploads\/2023\/09\/ae74c566-845e-4c05-8e78-14011246ebdd.jpg 768w, https:\/\/test.isla-web.es\/wp-content\/uploads\/2023\/09\/ae74c566-845e-4c05-8e78-14011246ebdd-300x255.jpg 300w\" sizes=\"(max-width: 768px) 100vw, 768px\" \/><p id=\"caption-attachment-13854\" class=\"wp-caption-text\"><em>Avere<\/em>. 2023. Instalaci\u00f3n creada con granos locales.<\/p><\/div>\n<h2>2. LUNA BENGOECHEA PE\u00d1A<\/h2>\n<p style=\"font-weight: 400;\">Las obras de Bengoechea Pe\u00f1a giran en torno a las problem\u00e1ticas de la industria alimentaria moderna, que se perpet\u00faan en un entorno en el que hemos perdido el contacto con los or\u00edgenes, el medio natural y la procedencia de nuestros alimentos, en un sistema dictado por intereses econo\u0301micos y especulaci\u00f3n con los bienes naturales.<\/p>\n<p style=\"font-weight: 400;\">Para ISLA ha creado una intervenci\u00f3n espec\u00edfica a partir de granos y semillas de producci\u00f3n local con las que genera, a modo de alfombra o mandala, una imagen de un ave propia del espacio natural de Robledo de Chavela.<\/p>\n<p style=\"font-weight: 400;\">El hecho de utilizar materiales naturales del propio entorno busca minimizar el impacto ecol\u00f3gico as\u00ed como facilitar que la pieza cambie y evolucione de manera org\u00e1nica en el terreno, integr\u00e1ndose de manera simb\u00f3lica en el espacio, en alusi\u00f3n al germen de un proyecto que acaba de nacer.<\/p>\n<p style=\"font-weight: 400;\"><span style=\"font-weight: 400;\">El t\u00edtulo de esta pieza hace alusi\u00f3n a la palabra ave (del lat\u00edn avere: estar bien)\u00a0 y propone poner en cuesti\u00f3n las pr\u00e1cticas extractivistas actuales, as\u00ed como revalorizar territorios como el de ISLA, un espacio natural protegido y Zona de Especial Protecci\u00f3n para Aves (ZEPA N\u00ba 56 Encinares de los R\u00edos Cofio y Alberche), donde habitan aves en peligro de extinci\u00f3n<\/span><span style=\"font-weight: 400;\">.<\/span><\/p>\n<p>&nbsp;<\/p>\n<p><iframe title=\"B\u00e1rbara Flux\u00e1 | Conectar (24\/7) con un Quercus Ilex\" src=\"https:\/\/player.vimeo.com\/video\/868619334?dnt=1&amp;app_id=122963\" width=\"1300\" height=\"737\" frameborder=\"0\" allow=\"autoplay; fullscreen; picture-in-picture\"><\/iframe><\/p>\n<p><em>Conectar (24\/7) con un Quercus Ilex<\/em>. 2023. Instalaci\u00f3n de v\u00eddeo termogr\u00e1fico y sensor de datos meteorol\u00f3gicos [retransmisi\u00f3n en directo pr\u00f3ximamente]<\/p>\n<h2>3. B\u00c1RBARA FLUX\u00c1<\/h2>\n<p style=\"font-weight: 400;\">Flux\u00e1 propone una reconsideraci\u00f3n de la naturaleza para alejarnos del paradigma antropoc\u00e9ntrico dominador hacia lo natural, a trav\u00e9s de la subjetivaci\u00f3n afectuosa y especulativa de los datos que nos proporcionan las nuevas tecnolog\u00edas de visualizaci\u00f3n y datificaci\u00f3n de la vida.<\/p>\n<p style=\"font-weight: 400;\">Para ISLA ha desarrollado un proyecto de investigaci\u00f3n y creaci\u00f3n art\u00edstica en torno a una nueva mirada afectuosa hacia el mundo vegetal, con especial inter\u00e9s en los \u00e1rboles y bosques, un h\u00e1bitat esencial para el desarrollo de la vida en el planeta, donde entra en conflicto la raz\u00f3n instrumental de la sociedad contempor\u00e1nea (deforestaci\u00f3n, explotaci\u00f3n forestal, incendios, etc.), con el derecho natural de supervivencia y agencia de los no-humanos.<\/p>\n<p style=\"font-weight: 400;\"><span style=\"font-weight: 400;\">El proyecto se formaliza como una suerte de estaci\u00f3n cient\u00edfica site-specific que retransmite a una web, en vivo y las 24 horas del d\u00eda, el \u201csentir\u201d _de una encina (Querqus Ilex) del territorio de ISLA. Mediante una c\u00e1mara termogr\u00e1fica y sensores se recogen im\u00e1genes t\u00e9rmicas y datos meteorol\u00f3gicos como la temperatura, humedad, radiaci\u00f3n solar, etc. Con ello, la artista nos ofrece una nueva experiencia no intrusiva de conexi\u00f3n con la naturaleza desde la distancia espaciotemporal de las im\u00e1genes y redes tecnol\u00f3gicas.<\/span><\/p>\n<p>&nbsp;<\/p>\n<div id=\"attachment_13498\" style=\"width: 2570px\" class=\"wp-caption alignnone\"><img decoding=\"async\" aria-describedby=\"caption-attachment-13498\" class=\"wp-image-13498 size-full\" src=\"https:\/\/test.isla-web.es\/wp-content\/uploads\/2023\/09\/4_yamaguchi_2016-scaled.jpg\" alt=\"\" width=\"2560\" height=\"1706\" srcset=\"https:\/\/test.isla-web.es\/wp-content\/uploads\/2023\/09\/4_yamaguchi_2016-scaled.jpg 2560w, https:\/\/test.isla-web.es\/wp-content\/uploads\/2023\/09\/4_yamaguchi_2016-300x200.jpg 300w, https:\/\/test.isla-web.es\/wp-content\/uploads\/2023\/09\/4_yamaguchi_2016-1024x683.jpg 1024w, https:\/\/test.isla-web.es\/wp-content\/uploads\/2023\/09\/4_yamaguchi_2016-768x512.jpg 768w, https:\/\/test.isla-web.es\/wp-content\/uploads\/2023\/09\/4_yamaguchi_2016-1536x1024.jpg 1536w, https:\/\/test.isla-web.es\/wp-content\/uploads\/2023\/09\/4_yamaguchi_2016-2048x1365.jpg 2048w\" sizes=\"(max-width: 2560px) 100vw, 2560px\" \/><p id=\"caption-attachment-13498\" class=\"wp-caption-text\"><em>Infinite Butterfly<\/em>. 2016-2023. Instalaci\u00f3n de papel japon\u00e9s, alambre, pigmento y aceite.<\/p><\/div>\n<h2>4. TOSHIRO YAMAGUCHI<\/h2>\n<p style=\"font-weight: 400;\">El trabajo de Yamaguchi busca liberar la obra de materiales con caracter\u00edsticas r\u00edgidas y voluminosas para optar por materiales simples y livianos y exponer su estructura org\u00e1nica. En este caso se centra en la coexistencia entre humanidad y naturaleza, y la idea de interdependencia mutua y los ciclos interminables de regeneraci\u00f3n.<\/p>\n<p style=\"font-weight: 400;\">La obra se inspira en el pensador chino Zhuangzi, quien en \u00abEl sue\u00f1o de la mariposa\u00bb narra como un d\u00eda, tras so\u00f1ar que estaba revoloteando como una mariposa, pens\u00f3: \u00bfRealmente so\u00f1\u00e9 que era una mariposa, o la mariposa que vi en mi sue\u00f1o es en realidad mi verdadero yo y la persona que soy ahora es el sue\u00f1o de una mariposa?\u201d<\/p>\n<p style=\"font-weight: 400;\">El artista remite al inconsciente colectivo de Jung como medio de conocimiento y conexi\u00f3n no limitada a lo humano, sino que trasciende a las almas no humanas.\u00a0 El psic\u00f3logo compar\u00f3 el mundo real con una flor: \u00abLas flores pasan, pero las ra\u00edces siguen siendo las mismas\u00bb. El polen que se adhiere al cuerpo de la mariposa reproduce la siguiente flor, y el n\u00e9ctar que produce esa flor mantiene viva a la siguiente generaci\u00f3n de mariposas.<\/p>\n<p style=\"font-weight: 400;\"><span style=\"font-weight: 400;\">Cada mariposa colocada aqu\u00ed determina la posici\u00f3n de la siguiente. As\u00ed, el alma de esta tambi\u00e9n puede transmitirse a cada ser del planeta, apelando a la armon\u00eda simbi\u00f3tica interactiva con el resto del ecosistema<\/span>.<\/p>\n<p>&nbsp;<\/p>\n<div id=\"attachment_13499\" style=\"width: 2010px\" class=\"wp-caption alignnone\"><img loading=\"lazy\" decoding=\"async\" aria-describedby=\"caption-attachment-13499\" class=\"wp-image-13499 size-full\" src=\"https:\/\/test.isla-web.es\/wp-content\/uploads\/2023\/09\/5_sbastida_roca_2023.jpg\" alt=\"\" width=\"2000\" height=\"2331\" srcset=\"https:\/\/test.isla-web.es\/wp-content\/uploads\/2023\/09\/5_sbastida_roca_2023.jpg 2000w, https:\/\/test.isla-web.es\/wp-content\/uploads\/2023\/09\/5_sbastida_roca_2023-257x300.jpg 257w, https:\/\/test.isla-web.es\/wp-content\/uploads\/2023\/09\/5_sbastida_roca_2023-879x1024.jpg 879w, https:\/\/test.isla-web.es\/wp-content\/uploads\/2023\/09\/5_sbastida_roca_2023-768x895.jpg 768w, https:\/\/test.isla-web.es\/wp-content\/uploads\/2023\/09\/5_sbastida_roca_2023-1318x1536.jpg 1318w, https:\/\/test.isla-web.es\/wp-content\/uploads\/2023\/09\/5_sbastida_roca_2023-1757x2048.jpg 1757w\" sizes=\"(max-width: 2000px) 100vw, 2000px\" \/><p id=\"caption-attachment-13499\" class=\"wp-caption-text\"><em>Roca de sal (cycle)<\/em>. 2023. Instalaci\u00f3n de piedras de roca de sal (halita) talladas.<\/p><\/div>\n<h2>5. MIGUEL SBASTIDA<\/h2>\n<p style=\"font-weight: 400;\">La obra de Sbastida se sit\u00faa en lo liminal entre los estudios medioambientales y las artes visuales, para generar espacios de reflexi\u00f3n cr\u00edtica en torno a cuestiones de sostenibilidad,<\/p>\n<p style=\"font-weight: 400;\">deconstrucci\u00f3n del dualismo naturaleza\/cultura, y creaci\u00f3n de nuevas subjetividades de coexistencia planetaria.<\/p>\n<p style=\"font-weight: 400;\">Para ISLA, el artista ha creado una instalaci\u00f3n a partir de la disposici\u00f3n en c\u00edrculo de un conjunto de halitas, previamente talladas con formas progresivamente org\u00e1nicas, haciendo alusi\u00f3n a la vitalidad de la sal, como componente esencial de nuestros organismos.<\/p>\n<p style=\"font-weight: 400;\">Ingerir este material no solo proporciona nutrici\u00f3n de minerales terrestres, sino que conecta al ser humano con el tiempo profundo, unificando el cuerpo y la monta\u00f1a. \u00bfEs posible pensar en el cuerpo humano no s\u00f3lo como creador de geolog\u00eda en el Antropoceno, sino como un territorio para la geolog\u00eda en s\u00ed mismo?, se pregunta.<\/p>\n<p style=\"font-weight: 400;\"><span style=\"font-weight: 400;\">As\u00ed, establece puntos de encuentro entre lo biol\u00f3gico y lo geol\u00f3gico, lo cultural y lo natural, lo vital y lo inerte; como medios para repensar el espacio de nuestros cuerpos e interrogar las estructuras antropoc\u00e9ntricas de nuestra relaci\u00f3n con la naturaleza. Esta continua b\u00fasqueda de convergencia entre lo humano y lo no humano, materia, flujos e interrelaciones le ha llevado progresivamente a investigar materialidades especulativas, temporalidades que escapan a nuestra percepci\u00f3n, y procesos relacionados con las problem\u00e1ticas ecol\u00f3gicas desde los lenguajes del arte<\/span>.<\/p>\n<p>&nbsp;<\/p>\n<div id=\"attachment_13502\" style=\"width: 2570px\" class=\"wp-caption alignnone\"><img loading=\"lazy\" decoding=\"async\" aria-describedby=\"caption-attachment-13502\" class=\"size-full wp-image-13502\" src=\"https:\/\/test.isla-web.es\/wp-content\/uploads\/2023\/09\/6_loren_hongos_2023-scaled.jpg\" alt=\"\" width=\"2560\" height=\"1707\" srcset=\"https:\/\/test.isla-web.es\/wp-content\/uploads\/2023\/09\/6_loren_hongos_2023-scaled.jpg 2560w, https:\/\/test.isla-web.es\/wp-content\/uploads\/2023\/09\/6_loren_hongos_2023-300x200.jpg 300w, https:\/\/test.isla-web.es\/wp-content\/uploads\/2023\/09\/6_loren_hongos_2023-1024x683.jpg 1024w, https:\/\/test.isla-web.es\/wp-content\/uploads\/2023\/09\/6_loren_hongos_2023-768x512.jpg 768w, https:\/\/test.isla-web.es\/wp-content\/uploads\/2023\/09\/6_loren_hongos_2023-1536x1024.jpg 1536w, https:\/\/test.isla-web.es\/wp-content\/uploads\/2023\/09\/6_loren_hongos_2023-2048x1365.jpg 2048w\" sizes=\"(max-width: 2560px) 100vw, 2560px\" \/><p id=\"caption-attachment-13502\" class=\"wp-caption-text\"><em>Hongos<\/em>. 2023. Instalaci\u00f3n de mimbre.<\/p><\/div>\n<h2>6. LUC\u00cdA LOREN<\/h2>\n<p style=\"font-weight: 400;\">El trabajo de Loren se caracteriza por el desarrollo de propuestas de sitio espec\u00edfico donde activa procesos de di\u00e1logo entre el paisaje y el resto de seres que lo habitan, humanos y no humanos, detonando intercambios que hablan de simbiosis, regeneraci\u00f3n y reparaci\u00f3n.<\/p>\n<p style=\"font-weight: 400;\">Para ISLA crea su propuesta a partir del reciclado de unas piezas que conformaron la instalaci\u00f3n <em>Matriz de Agua <\/em>(2017). Tras varios meses a la intemperie, las estructuras tejidas en mimbre fueron modificando su apariencia adquiriendo formas org\u00e1nicas similares a los hongos.<\/p>\n<p style=\"font-weight: 400;\">Los hongos constituyen uno de los reinos naturales que escapan de nuestro campo visual, a pesar de que se encuentran en el aire, suelo, alimentos e incluso en el interior de nuestros cuerpos. Conforman un eslab\u00f3n fundamental en la configuraci\u00f3n de la vida, generando relaciones de simbiosis fundamentales para la sostenibilidad del planeta. Como se\u00f1ala Merlin Sheldrake en su libro <em>La red oculta de la vida<\/em>, es esencial tomar conciencia de nuestra dependencia de los hongos como regeneradores, recicladores y tejedores de redes que unen mundos.<\/p>\n<p style=\"font-weight: 400;\"><span style=\"font-weight: 400;\">Robledo de Chavela es uno de los municipios madrile\u00f1os con mayor tradici\u00f3n micol\u00f3gica, por ello esta propuesta pretende ser el inicio de un futuro proyecto de creaci\u00f3n en el entorno de ISLA, para explorar desde la pr\u00e1ctica art\u00edstica la micorremediaci\u00f3n o la capacidad regeneradora de algunos hongos para limpiar el medio ambiente de contaminantes<\/span>.<\/p>\n<p>&nbsp;<\/p>\n<div id=\"attachment_13504\" style=\"width: 2010px\" class=\"wp-caption alignnone\"><img loading=\"lazy\" decoding=\"async\" aria-describedby=\"caption-attachment-13504\" class=\"wp-image-13504 size-full\" src=\"https:\/\/test.isla-web.es\/wp-content\/uploads\/2023\/09\/7_zamora_aflorar2_2023.jpg\" alt=\"\" width=\"2000\" height=\"1415\" srcset=\"https:\/\/test.isla-web.es\/wp-content\/uploads\/2023\/09\/7_zamora_aflorar2_2023.jpg 2000w, https:\/\/test.isla-web.es\/wp-content\/uploads\/2023\/09\/7_zamora_aflorar2_2023-300x212.jpg 300w, https:\/\/test.isla-web.es\/wp-content\/uploads\/2023\/09\/7_zamora_aflorar2_2023-1024x724.jpg 1024w, https:\/\/test.isla-web.es\/wp-content\/uploads\/2023\/09\/7_zamora_aflorar2_2023-768x543.jpg 768w, https:\/\/test.isla-web.es\/wp-content\/uploads\/2023\/09\/7_zamora_aflorar2_2023-1536x1087.jpg 1536w\" sizes=\"(max-width: 2000px) 100vw, 2000px\" \/><p id=\"caption-attachment-13504\" class=\"wp-caption-text\"><em>Aflorar las piedras<\/em>. 2023. C\u00e1scaras de sand\u00eda, agua y resina de pino.<\/p><\/div>\n<h2>7. JUAN ZAMORA<\/h2>\n<p style=\"font-weight: 400;\">Zamora basa sus investigaciones en la idea de ecodependencia y aprendizaje interespecies,\u00a0 poniendo el foco en la importancia de proyectar escenarios futuribles m\u00e1s ecol\u00f3gicos mediante el di\u00e1logo con el entorno.<\/p>\n<p style=\"font-weight: 400;\">Para ISLA ha creado una instalaci\u00f3n de bebederos para la fauna que habita el territorio, a partir de c\u00e1scaras de sand\u00eda cortadas por la mitad a modo de cuenco, cuyo contenido sirvi\u00f3 de alimento al propio artista. Una vez tratadas con resina ecol\u00f3gica para facilitar su duraci\u00f3n en el tiempo, inserta los recipientes resultantes en un \u00e1rea que destaca por un conjunto de grandes rocas, que parecen conectarnos con el pasado milenario del lugar y remiten a un tiempo en que las relaciones humano-no humano pudieran haber tomado una deriva diferente. Con este gesto de empat\u00eda, a modo de ritual, Zamora desarrolla una obra que formar\u00e1 parte de la tierra y ser\u00e1 un lugar para calmar la sed de todo tipo de aves, jabal\u00edes y conejos.<\/p>\n<p style=\"font-weight: 400;\">El concepto de aflorar lo relaciona tanto con la idea de germinar y del brotar el agua de las obras, como con la flora bacteriana, la microbiota, un conjunto de microorganismos que compartimos con las especies antes mencionadas. El artista habla as\u00ed de empatizar desde ese segundo cerebro que es el est\u00f3mago y abrir una puerta m\u00e1s a las infinitas posibilidades especulativas de interacci\u00f3n interespecie que permite el arte.<\/p>\n<p>&nbsp;<\/p>\n<div id=\"attachment_13505\" style=\"width: 1797px\" class=\"wp-caption alignnone\"><img loading=\"lazy\" decoding=\"async\" aria-describedby=\"caption-attachment-13505\" class=\"size-full wp-image-13505\" src=\"https:\/\/test.isla-web.es\/wp-content\/uploads\/2023\/09\/8_lyh_posar_2023.jpg\" alt=\"\" width=\"1787\" height=\"1279\" srcset=\"https:\/\/test.isla-web.es\/wp-content\/uploads\/2023\/09\/8_lyh_posar_2023.jpg 1787w, https:\/\/test.isla-web.es\/wp-content\/uploads\/2023\/09\/8_lyh_posar_2023-300x215.jpg 300w, https:\/\/test.isla-web.es\/wp-content\/uploads\/2023\/09\/8_lyh_posar_2023-1024x733.jpg 1024w, https:\/\/test.isla-web.es\/wp-content\/uploads\/2023\/09\/8_lyh_posar_2023-768x550.jpg 768w, https:\/\/test.isla-web.es\/wp-content\/uploads\/2023\/09\/8_lyh_posar_2023-1536x1099.jpg 1536w\" sizes=\"(max-width: 1787px) 100vw, 1787px\" \/><p id=\"caption-attachment-13505\" class=\"wp-caption-text\"><em>Posar para la muerte<\/em>. 2023. Instalaci\u00f3n de fragmentos de m\u00e1rmol de la zona y cinta de algod\u00f3n.<\/p><\/div>\n<h2>8. LECUONA Y HERN\u00c1NDEZ<\/h2>\n<p style=\"font-weight: 400;\">Los artistas interrogan la construcci\u00f3n de nuestro imaginario simb\u00f3lico y los procesos de construcci\u00f3n de un relato colectivo, tomando como punto de partida su identidad local para ahondar en asuntos que competen a una narrativa de orden global.<\/p>\n<p style=\"font-weight: 400;\">La obra est\u00e1 producida a partir de m\u00e1rmoles de la regi\u00f3n, un material noble asociado hist\u00f3ricamente al poder y empleado en la construcci\u00f3n de monumentos que han servido para afianzar algunas de las bases del constructo civilizatorio. Los artistas sugieren la desarticulaci\u00f3n de estas narrativas mostr\u00e1ndolo en fragmentos livianos, que operen como contrapesos a\u00e9reos. Los fragmentos insin\u00faan la ruptura con los cimientos de la idea de progreso como crecimiento continuo y establecen un puente simb\u00f3lico con el origen canario de Lecuona y Hern\u00e1ndez, una relaci\u00f3n isla-ISLA que no elude las connotaciones econ\u00f3micas, pol\u00edticas y coloniales que subyacen al pasado hist\u00f3rico entre Am\u00e9rica, Europa y \u00c1frica.<\/p>\n<p style=\"font-weight: 400;\">Con ese aspecto un tanto ritual, colgados de los \u00e1rboles, se sugiere la reconexi\u00f3n con lo natural, cuestionando el binomio vivo-inerte, record\u00e1ndonos que el componente principal del m\u00e1rmol es el carbonato c\u00e1lcico y el calcio es el mineral m\u00e1s abundante de nuestro organismo. Adem\u00e1s, la ra\u00edz de la palabra m\u00e1rmol proviene del s\u00e1nscrito \u201cmar\u201d, en referencia al movimiento de las olas, en este caso de las aguas que rodean metaf\u00f3ricamente nuestra ISLA.<\/p>\n<p>&nbsp;<\/p>\n<div id=\"attachment_13506\" style=\"width: 2570px\" class=\"wp-caption alignnone\"><img loading=\"lazy\" decoding=\"async\" aria-describedby=\"caption-attachment-13506\" class=\"size-full wp-image-13506\" src=\"https:\/\/test.isla-web.es\/wp-content\/uploads\/2023\/09\/9_mercedes_lineas_2023-scaled.jpg\" alt=\"\" width=\"2560\" height=\"1706\" srcset=\"https:\/\/test.isla-web.es\/wp-content\/uploads\/2023\/09\/9_mercedes_lineas_2023-scaled.jpg 2560w, https:\/\/test.isla-web.es\/wp-content\/uploads\/2023\/09\/9_mercedes_lineas_2023-300x200.jpg 300w, https:\/\/test.isla-web.es\/wp-content\/uploads\/2023\/09\/9_mercedes_lineas_2023-1024x683.jpg 1024w, https:\/\/test.isla-web.es\/wp-content\/uploads\/2023\/09\/9_mercedes_lineas_2023-768x512.jpg 768w, https:\/\/test.isla-web.es\/wp-content\/uploads\/2023\/09\/9_mercedes_lineas_2023-1536x1024.jpg 1536w, https:\/\/test.isla-web.es\/wp-content\/uploads\/2023\/09\/9_mercedes_lineas_2023-2048x1365.jpg 2048w\" sizes=\"(max-width: 2560px) 100vw, 2560px\" \/><p id=\"caption-attachment-13506\" class=\"wp-caption-text\"><em>L\u00edneas rectas<\/em>. 2023. Instalaci\u00f3n participativa con hilos de algod\u00f3n.<\/p><\/div>\n<h2>9. MERCEDES LARA<\/h2>\n<p style=\"font-weight: 400;\">El espacio, el tiempo y la luz son los elementos clave en el trabajo de Lara, con los que juega por medio de investigaciones pl\u00e1sticas centradas en cambios crom\u00e1ticos que interact\u00faan con la mirada del espectador.<\/p>\n<p style=\"font-weight: 400;\">Para ISLA ha desarrollado un proyecto espec\u00edfico a partir de uno de los\u00a0 materiales m\u00e1s representativos de su obra, los hilos, que por su fragilidad y maleabildad le permiten investigar el paso del tiempo y nuestra percepci\u00f3n de \u00e9l. Con ellos nos remite aqu\u00ed a la necesidad de establecer lazos con el lugar e invita a los visitantes a colaborar en la pieza e imitar la tierra e interpretar sus movimientos, creando una suerte de esqueletos de una nueva fluctuaci\u00f3n colectiva.<\/p>\n<p style=\"font-weight: 400;\"><span style=\"font-weight: 400;\">La artista busca tambi\u00e9n conectar con la recuperaci\u00f3n del trabajo manual y tradicional, con la cotidianidad de los quehaceres mundanos. Al intervenir sobre los \u00e1rboles del territorio, sugiere el desarrollo de nuevas redes de colaboraci\u00f3n y nos recuerda la trama de hilos de ecodependencia e interdependencia que conforman la base del tejido que sostiene la vida<\/span>.<\/p>\n<p>&nbsp;<\/p>\n<div id=\"attachment_13507\" style=\"width: 2570px\" class=\"wp-caption alignnone\"><img loading=\"lazy\" decoding=\"async\" aria-describedby=\"caption-attachment-13507\" class=\"size-full wp-image-13507\" src=\"https:\/\/test.isla-web.es\/wp-content\/uploads\/2023\/09\/10_lavelles_fromthecore_2023-scaled.jpg\" alt=\"\" width=\"2560\" height=\"1707\" srcset=\"https:\/\/test.isla-web.es\/wp-content\/uploads\/2023\/09\/10_lavelles_fromthecore_2023-scaled.jpg 2560w, https:\/\/test.isla-web.es\/wp-content\/uploads\/2023\/09\/10_lavelles_fromthecore_2023-300x200.jpg 300w, https:\/\/test.isla-web.es\/wp-content\/uploads\/2023\/09\/10_lavelles_fromthecore_2023-1024x683.jpg 1024w, https:\/\/test.isla-web.es\/wp-content\/uploads\/2023\/09\/10_lavelles_fromthecore_2023-768x512.jpg 768w, https:\/\/test.isla-web.es\/wp-content\/uploads\/2023\/09\/10_lavelles_fromthecore_2023-1536x1024.jpg 1536w, https:\/\/test.isla-web.es\/wp-content\/uploads\/2023\/09\/10_lavelles_fromthecore_2023-2048x1365.jpg 2048w\" sizes=\"(max-width: 2560px) 100vw, 2560px\" \/><p id=\"caption-attachment-13507\" class=\"wp-caption-text\"><em>From the Core to the Future<\/em>. 2023. Instalaci\u00f3n a partir de muestra de cores de \u00e1rboles de ISLA y barrena de Pressler.<\/p><\/div>\n<h2>10. ELENA LAVELL\u00c9S<\/h2>\n<p style=\"font-weight: 400;\">La dendrocronolog\u00eda (dendro: \u00e1rbol \/crono: tiempo \/log\u00eda: conocimiento o estudio) es una disciplina cient\u00edfica que estudia los cambios ambientales registrados en los anillos de los \u00e1rboles como resultado de su crecimiento anual. Al igual que un corte geol\u00f3gico o un testigo extra\u00eddo de los estratos del suelo nos habla de la evoluci\u00f3n de un territorio y de los cambios que han ocurrido durante un periodo de tiempo profundo, los \u00e1rboles revelan su forma de crecer en un entorno concreto.<\/p>\n<p style=\"font-weight: 400;\">Cuando se realiza un estudio mediante los anillos de los \u00e1rboles, se extraen unos cores o testigos mediante una barrena de Pressler para que las especies no sean da\u00f1adas. En esta ocasi\u00f3n, la artista propone una muestra que corresponde a una selecci\u00f3n de \u00e1rboles de ISLA de los que se tomar\u00e1n muestras nuevamente dentro de varios a\u00f1os.<\/p>\n<p style=\"font-weight: 400;\">La obra de Lavell\u00e9s a\u00fana el lenguaje cient\u00edfico y el art\u00edstico para desarrollar obras que sugieran diferententes formas de entender el mundo, y habla de lo micro para interpretar lo macro. El hecho de tomar estas peque\u00f1as muestras del interior de los \u00e1rboles, nos permite analizar de una forma m\u00e1s general el entorno clim\u00e1tico y medioambiental de ISLA, aunque se necesitan muestras de distintos \u00e1rboles e incluso de distintas especies para poder llegar a una conclusi\u00f3n global.<\/p>\n<p>&nbsp;<\/p>\n<div id=\"attachment_13508\" style=\"width: 955px\" class=\"wp-caption alignnone\"><img loading=\"lazy\" decoding=\"async\" aria-describedby=\"caption-attachment-13508\" class=\"size-full wp-image-13508\" src=\"https:\/\/test.isla-web.es\/wp-content\/uploads\/2023\/09\/11_moons_2023.jpg\" alt=\"\" width=\"945\" height=\"633\" srcset=\"https:\/\/test.isla-web.es\/wp-content\/uploads\/2023\/09\/11_moons_2023.jpg 945w, https:\/\/test.isla-web.es\/wp-content\/uploads\/2023\/09\/11_moons_2023-300x201.jpg 300w, https:\/\/test.isla-web.es\/wp-content\/uploads\/2023\/09\/11_moons_2023-768x514.jpg 768w\" sizes=\"(max-width: 945px) 100vw, 945px\" \/><p id=\"caption-attachment-13508\" class=\"wp-caption-text\"><em>13 Moons and a Blackhole<\/em>. 2023. M\u00fasica caminada de electr\u00f3nica ambiente.<\/p><\/div>\n<h2>11. MENHIR<\/h2>\n<p style=\"font-weight: 400;\">La m\u00fasica de este colectivo est\u00e1 creada para actuaciones inmersivas, site specific, e instalaciones interactivas y explora la combinaci\u00f3n de s\u00edntesis anal\u00f3gica con instrumentos digitales innovadores, usando la voz y el sampling.<\/p>\n<p style=\"font-weight: 400;\">Partiendo de su inter\u00e9s en la Estaci\u00f3n Espacial de la NASA, perteneciente a la Red del Espacio Profundo de Robledo de Chavela, cercana a ISLA, han desarrollado una pieza sonora <em>time-specific<\/em> que se sit\u00faa en un territorio m\u00e1s temporal que espacial, en torno a los ciclos lunares y los objetos astron\u00f3micos. La obra consiste en un recorrido geolocalizado que dialoga con los m\u00e1rgenes de la astrof\u00edsica que tienen lugar en la naturaleza y que se dedican a una contemplaci\u00f3n radical y exhaustiva del universo.<\/p>\n<p style=\"font-weight: 400;\">Por medio de una aplicaci\u00f3n para tel\u00e9fonos m\u00f3viles gratuita, la obra se configura como una experiencia de m\u00fasica caminada, una forma circular para hacernos transitar por el territorio de ISLA, que debe performarse por el oyente. \u00c9ste recrea con sus movimientos la ritualidad de c\u00edrculos de piedras ancestrales como el monumento megal\u00edtico de Stonehenge, verdaderos calendarios lunares, cr\u00f3mlech megal\u00edticos que se\u00f1alizaban eventos y objetos estelares y que ahora se encarnan de nuevo en estas piedras virtuales de sonido.<\/p>","protected":false},"excerpt":{"rendered":"<p>ISLA lleva tiempo en nuestras mentes, rondando nuestros pensamientos, conviviendo con nosotras d\u00eda a d\u00eda. Quiz\u00e1s desde hace m\u00e1s de lo que somos capaces de recordar. Por fin, ha llegado El Comienzo. El proyecto, adem\u00e1s de aunar dos de los pilares m\u00e1s importantes sobre los que sustentamos nuestro trabajo como son el arte y la [&hellip;]<\/p>","protected":false},"author":2,"featured_media":13567,"comment_status":"open","ping_status":"open","sticky":false,"template":"elementor_theme","format":"standard","meta":{"footnotes":""},"categories":[53],"tags":[10,12,55],"class_list":["post-13400","post","type-post","status-publish","format-standard","has-post-thumbnail","hentry","category-programa","tag-creative","tag-modern","tag-sostenibilidad"],"_links":{"self":[{"href":"https:\/\/test.isla-web.es\/en\/wp-json\/wp\/v2\/posts\/13400","targetHints":{"allow":["GET"]}}],"collection":[{"href":"https:\/\/test.isla-web.es\/en\/wp-json\/wp\/v2\/posts"}],"about":[{"href":"https:\/\/test.isla-web.es\/en\/wp-json\/wp\/v2\/types\/post"}],"author":[{"embeddable":true,"href":"https:\/\/test.isla-web.es\/en\/wp-json\/wp\/v2\/users\/2"}],"replies":[{"embeddable":true,"href":"https:\/\/test.isla-web.es\/en\/wp-json\/wp\/v2\/comments?post=13400"}],"version-history":[{"count":33,"href":"https:\/\/test.isla-web.es\/en\/wp-json\/wp\/v2\/posts\/13400\/revisions"}],"predecessor-version":[{"id":13859,"href":"https:\/\/test.isla-web.es\/en\/wp-json\/wp\/v2\/posts\/13400\/revisions\/13859"}],"wp:featuredmedia":[{"embeddable":true,"href":"https:\/\/test.isla-web.es\/en\/wp-json\/wp\/v2\/media\/13567"}],"wp:attachment":[{"href":"https:\/\/test.isla-web.es\/en\/wp-json\/wp\/v2\/media?parent=13400"}],"wp:term":[{"taxonomy":"category","embeddable":true,"href":"https:\/\/test.isla-web.es\/en\/wp-json\/wp\/v2\/categories?post=13400"},{"taxonomy":"post_tag","embeddable":true,"href":"https:\/\/test.isla-web.es\/en\/wp-json\/wp\/v2\/tags?post=13400"}],"curies":[{"name":"wp","href":"https:\/\/api.w.org\/{rel}","templated":true}]}}